{"id":775,"date":"2013-06-27T01:55:41","date_gmt":"2013-06-26T22:55:41","guid":{"rendered":"http:\/\/mbf.fi:\/wordpress\/?p=775"},"modified":"2013-06-27T01:56:38","modified_gmt":"2013-06-26T22:56:38","slug":"brons-at-miikka-och-thomas-i-netu-junior-lag","status":"publish","type":"post","link":"https:\/\/old.mbf.fi\/?p=775","title":{"rendered":"Brons \u00e5t Miikka och Thomas i NETU junior lag"},"content":{"rendered":"<p>Finlands lag best\u00e5ende av Miikka och Thomas fr\u00e5n MBF och Markus Myll\u00e4rinen vann brons\u00a0i junior lagt\u00e4vlingen i Nordeuropeiska m\u00e4sterskapen. Grattis!<\/p>\n<p>Suomen joukkue voitti pronssia Pohjoiseuroopan mestaruuskilpailuissa poikien junioriluokassa. Joukkueessa pelasivat MBFn Miikka ja Thomas sek\u00e4 Markus Myll\u00e4rinen. Onneksi olkoon!<\/p>\n<p>Finland won bronze in the North European chamionships in the junior boys team event with a team consisting of Miikka and Thomas from MBF as well as Markus Myll\u00e4rinen. Congratulations!<\/p>\n<p><a href=\"http:\/\/mbf.fi:\/wordpress\/wp-content\/uploads\/2013\/06\/NETU-2013_medalj\u00f6rer.jpg\"><img fetchpriority=\"high\" decoding=\"async\" class=\"alignnone size-large wp-image-776\" alt=\"NETU 2013_medalj\u00f6rer\" src=\"http:\/\/mbf.fi:\/wordpress\/wp-content\/uploads\/2013\/06\/NETU-2013_medalj\u00f6rer-640x359.jpg\" width=\"620\" height=\"347\" srcset=\"https:\/\/old.mbf.fi\/wp-content\/uploads\/2013\/06\/NETU-2013_medalj\u00f6rer-640x359.jpg 640w, https:\/\/old.mbf.fi\/wp-content\/uploads\/2013\/06\/NETU-2013_medalj\u00f6rer-300x168.jpg 300w, https:\/\/old.mbf.fi\/wp-content\/uploads\/2013\/06\/NETU-2013_medalj\u00f6rer.jpg 800w\" sizes=\"(max-width: 620px) 100vw, 620px\" \/><\/a><\/p>\n","protected":false},"excerpt":{"rendered":"<p>Finlands lag best\u00e5ende av Miikka och Thomas fr\u00e5n MBF och Markus Myll\u00e4rinen vann brons\u00a0i junior lagt\u00e4vlingen i Nordeuropeiska m\u00e4sterskapen. Grattis! Suomen joukkue voitti pronssia Pohjoiseuroopan mestaruuskilpailuissa poikien junioriluokassa. Joukkueessa pelasivat MBFn Miikka ja Thomas sek\u00e4 Markus Myll\u00e4rinen. Onneksi olkoon! Finland won bronze in the North European chamionships in the junior boys team event with a &hellip; <\/p>\n<p><a class=\"more-link btn\" href=\"https:\/\/old.mbf.fi\/?p=775\">Continue reading<\/a><\/p>\n","protected":false},"author":2,"featured_media":0,"comment_status":"open","ping_status":"open","sticky":false,"template":"","format":"standard","meta":{"footnotes":""},"categories":[1],"tags":[81,19,101,102,108,106,44,45,21,46,107,22,18,20,13,17,100,23,15],"class_list":["post-775","post","type-post","status-publish","format-standard","hentry","category-uncategorized","tag-81","tag-bordtennis","tag-fbtf","tag-ftta","tag-jec","tag-jem","tag-landslag","tag-maajoukkue","tag-mbf","tag-national-team","tag-netu","tag-ping-pong","tag-pingis","tag-poytatennis","tag-resultat","tag-results","tag-sptl","tag-table-tennis","tag-tulos","item-wrap"],"_links":{"self":[{"href":"https:\/\/old.mbf.fi\/index.php?rest_route=\/wp\/v2\/posts\/775","targetHints":{"allow":["GET"]}}],"collection":[{"href":"https:\/\/old.mbf.fi\/index.php?rest_route=\/wp\/v2\/posts"}],"about":[{"href":"https:\/\/old.mbf.fi\/index.php?rest_route=\/wp\/v2\/types\/post"}],"author":[{"embeddable":true,"href":"https:\/\/old.mbf.fi\/index.php?rest_route=\/wp\/v2\/users\/2"}],"replies":[{"embeddable":true,"href":"https:\/\/old.mbf.fi\/index.php?rest_route=%2Fwp%2Fv2%2Fcomments&post=775"}],"version-history":[{"count":3,"href":"https:\/\/old.mbf.fi\/index.php?rest_route=\/wp\/v2\/posts\/775\/revisions"}],"predecessor-version":[{"id":779,"href":"https:\/\/old.mbf.fi\/index.php?rest_route=\/wp\/v2\/posts\/775\/revisions\/779"}],"wp:attachment":[{"href":"https:\/\/old.mbf.fi\/index.php?rest_route=%2Fwp%2Fv2%2Fmedia&parent=775"}],"wp:term":[{"taxonomy":"category","embeddable":true,"href":"https:\/\/old.mbf.fi\/index.php?rest_route=%2Fwp%2Fv2%2Fcategories&post=775"},{"taxonomy":"post_tag","embeddable":true,"href":"https:\/\/old.mbf.fi\/index.php?rest_route=%2Fwp%2Fv2%2Ftags&post=775"}],"curies":[{"name":"wp","href":"https:\/\/api.w.org\/{rel}","templated":true}]}}