{"id":1024,"date":"2014-08-25T12:04:45","date_gmt":"2014-08-25T09:04:45","guid":{"rendered":"http:\/\/mbf.fi:\/wordpress\/?p=1024"},"modified":"2014-08-25T12:04:45","modified_gmt":"2014-08-25T09:04:45","slug":"pihla-och-annika-uttagna-till-lag-em","status":"publish","type":"post","link":"https:\/\/old.mbf.fi\/?p=1024","title":{"rendered":"Pihla och Annika uttagna till lag-EM"},"content":{"rendered":"<p>Pihla och Annika\u00a0har blivit uttagna till\u00a0Finlands trupp\u00a0som spelar i Europeiska lagm\u00e4sterskapen i Lissabon 24-28 september 2014. Det h\u00e4r \u00e4r den f\u00f6rsta uppdraget f\u00f6r Pihla och Annika i EM\/VM p\u00e5 vuxenniv\u00e5. Grattis!<\/p>\n<p>Pihla ja Annika edustavat Suomea Euroopan joukkuemestaruuskilpailuissa Lissabonissa 24-28 syyskuuta 2014. T\u00e4m\u00e4 on ensimm\u00e4inen kerta kun Pihla ja Annika edustavat Suomea aikuisten arvokisoissa. Onnea!<\/p>\n<p>Pihla and Annika have been selected to the Finnish team in the European Team Championships in Lisbon September 24th-28th. This is the first time Pihla and Annika are representing Finland in the EC\/WC for\u00a0adults. Congratulations!<\/p>\n<p><a href=\"http:\/\/www.sptl.fi\/kv\/uusi\/index.asp?sivu=tiedotteet.asp&amp;viesti=2647\" target=\"_blank\">http:\/\/www.sptl.fi\/kv\/uusi\/index.asp?sivu=tiedotteet.asp&amp;viesti=2647<\/a><\/p>\n","protected":false},"excerpt":{"rendered":"<p>Pihla och Annika\u00a0har blivit uttagna till\u00a0Finlands trupp\u00a0som spelar i Europeiska lagm\u00e4sterskapen i Lissabon 24-28 september 2014. Det h\u00e4r \u00e4r den f\u00f6rsta uppdraget f\u00f6r Pihla och Annika i EM\/VM p\u00e5 vuxenniv\u00e5. Grattis! Pihla ja Annika edustavat Suomea Euroopan joukkuemestaruuskilpailuissa Lissabonissa 24-28 syyskuuta 2014. T\u00e4m\u00e4 on ensimm\u00e4inen kerta kun Pihla ja Annika edustavat Suomea aikuisten arvokisoissa. Onnea! &hellip; <\/p>\n<p><a class=\"more-link btn\" href=\"https:\/\/old.mbf.fi\/?p=1024\">Continue reading<\/a><\/p>\n","protected":false},"author":2,"featured_media":0,"comment_status":"open","ping_status":"open","sticky":false,"template":"","format":"standard","meta":{"footnotes":""},"categories":[1],"tags":[113,19,16,72,71,74,73,75,101,14,44,45,21,46,22,18,20,100,23],"class_list":["post-1024","post","type-post","status-publish","format-standard","hentry","category-uncategorized","tag-113","tag-bordtennis","tag-competition","tag-ec","tag-em","tag-euroopan-mestaruus","tag-europa-masterskap","tag-european-championship","tag-fbtf","tag-kilpailu","tag-landslag","tag-maajoukkue","tag-mbf","tag-national-team","tag-ping-pong","tag-pingis","tag-poytatennis","tag-sptl","tag-table-tennis","item-wrap"],"_links":{"self":[{"href":"https:\/\/old.mbf.fi\/index.php?rest_route=\/wp\/v2\/posts\/1024","targetHints":{"allow":["GET"]}}],"collection":[{"href":"https:\/\/old.mbf.fi\/index.php?rest_route=\/wp\/v2\/posts"}],"about":[{"href":"https:\/\/old.mbf.fi\/index.php?rest_route=\/wp\/v2\/types\/post"}],"author":[{"embeddable":true,"href":"https:\/\/old.mbf.fi\/index.php?rest_route=\/wp\/v2\/users\/2"}],"replies":[{"embeddable":true,"href":"https:\/\/old.mbf.fi\/index.php?rest_route=%2Fwp%2Fv2%2Fcomments&post=1024"}],"version-history":[{"count":1,"href":"https:\/\/old.mbf.fi\/index.php?rest_route=\/wp\/v2\/posts\/1024\/revisions"}],"predecessor-version":[{"id":1025,"href":"https:\/\/old.mbf.fi\/index.php?rest_route=\/wp\/v2\/posts\/1024\/revisions\/1025"}],"wp:attachment":[{"href":"https:\/\/old.mbf.fi\/index.php?rest_route=%2Fwp%2Fv2%2Fmedia&parent=1024"}],"wp:term":[{"taxonomy":"category","embeddable":true,"href":"https:\/\/old.mbf.fi\/index.php?rest_route=%2Fwp%2Fv2%2Fcategories&post=1024"},{"taxonomy":"post_tag","embeddable":true,"href":"https:\/\/old.mbf.fi\/index.php?rest_route=%2Fwp%2Fv2%2Ftags&post=1024"}],"curies":[{"name":"wp","href":"https:\/\/api.w.org\/{rel}","templated":true}]}}